{"id":7472,"date":"2019-11-05T19:44:00","date_gmt":"2019-11-05T19:44:00","guid":{"rendered":"https:\/\/lisboainnovation.com\/2019\/11\/05\/2019-11-05-lisboa-the-beautiful-side-of-business\/"},"modified":"2023-10-26T08:56:02","modified_gmt":"2023-10-26T08:56:02","slug":"2019-11-05-lisboa-the-beautiful-side-of-business","status":"publish","type":"post","link":"https:\/\/lisboainnovation.com\/pt\/2019-11-05-lisboa-the-beautiful-side-of-business\/","title":{"rendered":"Lisboa, the beautiful side of business"},"content":{"rendered":"<p>O filme sobre Lisboa estreou na Web Summit tem dado que falar. Claro que a esta hora j\u00e1 viste este lindo pitch que explica com imagens, n\u00fameros e gr\u00e1ficos as vantagens racionais de se investir em Lisboa. E j\u00e1 te deixaste levar pelo magnifico som e imagens mas, pensando melhor, j\u00e1 eras emocional e racionalmente Made of Lisboa. Mas reparaste nos n\u00fameros e pensaste:<\/p>\n<p>&#8211; Mas de onde v\u00eam? E posso confiar neles?<\/p>\n<p>Ora essa. Vamos a isto:<\/p>\n<h2>A geografia<\/h2>\n<p>Sim, Lisboa \u00e9 a capital da Europa continental mais pr\u00f3xima dos EUA e do continente americano em geral \u2013 e uma das mais pr\u00f3ximas do continente africano. E sim, \u00e9 a \u00fanica capital europeia, al\u00e9m de Londres, no Tempo M\u00e9dio de Greenwich, GMT-0 para os amigos.<\/p>\n<p>Mais de 300 dias de sol? A ATL <a>utiliza este n\u00famero<\/a> mas n\u00f3s achamos que at\u00e9 s\u00e3o mais. Bem vistas as coisas, h\u00e1 dias em que chove uma horinha ou duas e depois\u2026 l\u00e1 vem o sol. Vamos discutir se os dias em que o sol n\u00e3o aparece s\u00e3o 65 ou 50?<\/p>\n<p>As dist\u00e2ncias dos voos a Madrid, Paris ou Londres: ora, v\u00e3o andar de avi\u00e3o!<\/p>\n<p>O aeroporto de Lisboa tem muito movimento para a sua dimens\u00e3o. Querem mais? O Aeroporto Humberto Delgado registou 199.262 movimentos e 26.663.096 passageiros (2017, ANA) \u2013 ou seja 545 voos que chegam ou saem de Lisboa por dia, em m\u00e9dia. Ora em 2018 este movimento cresceu e em 2019 voltou a crescer\u2026<\/p>\n<p>Campos de golfe que rodeiam Lisboa, 4 esta\u00e7\u00f5es de comboio do centro da cidade at\u00e9 \u00e0 praia e a onda da Nazar\u00e9 \u2013 algumas d\u00favidas?<\/p>\n<p>Lisboa \u00e9 a cidade escolhida para Capital Verde 2020 \u2013VERDADE, verdadinha. Se n\u00e3o acreditam, esperem para ver.<\/p>\n<h2>Lisboa em n\u00fameros verdes&#8230;<\/h2>\n<p>Alguns dados fornecidos pela CML, ou seja, por n\u00f3s: os nossos sem\u00e1foros utilizam todos l\u00e2mpadas LED. E todos os ve\u00edculos ligeiros da frota da CML s\u00e3o el\u00e9tricos ou h\u00edbridos. A rede de carregamento de energia el\u00e9trica tem mais de 540 pontos. Todas estas caracter\u00edsticas revelam o enorme investimento que a cidade tem feito no sentido de reduzir onde pode o impacto ambiental da sua pr\u00f3pria atividade. Ao longo dos pr\u00f3ximos anos, este esfor\u00e7o ser\u00e1 ainda mais refor\u00e7ado, e ali\u00e1s Lisboa \u00e9 uma cidade seriamente empenhada em combater a crise clim\u00e1tica, tendo sido a primeira capital europeia a assinar New CoM for Climate and Energy ap\u00f3s reduzir as emiss\u00f5es de CO2 (2002-14) em 50%, o consumo de energia em 23% e o consumo de \u00e1gua municipal em 17% (2007-13). (n\u00e3o, estes dados n\u00e3o est\u00e3o no v\u00eddeo mas gostamos deles \u00e0 mesma).<\/p>\n<p>Sendo um n\u00famero din\u00e2mico e em permanente mudan\u00e7a, \u00e0 data confirmamos as 2150 bicicletas partilhadas &#8211; e o total de 5500 ve\u00edculos de baixa emiss\u00e3o. N\u00e3o arriscamos avan\u00e7ar com um n\u00famero de skates.<\/p>\n<p>Ah! E os 90km de pistas cicl\u00e1veis <a href=\"http:\/\/www.cm-lisboa.pt\/viver\/mobilidade\/ciclavel\/rede-ciclavel\">ser\u00e3o 200km muito em breve.<\/a><\/p>\n<h2>&#8230;E em n\u00fameros de futuro<\/h2>\n<p>90 faculdades, 30.000 licenciados por ano, grande percentagem em gest\u00e3o, matem\u00e1ticas, ci\u00eancias ou tech \u2013 sim, \u00e9 o que a \u00e1rea Metropolitana de Lisboa tem em termos de investimento criativo, educativo e futuro talento. Que orgulho. Mais n\u00fameros e dados que nos orgulham na <a href=\"http:\/\/www.cm-lisboa.pt\/investir\/investimento\/lisboa-em-numeros\">edi\u00e7\u00e3o anual Lisboa em N\u00fameros<\/a>. Recomendamos.<\/p>\n<p>Outros motivos de orgulho: as duas startups novas criadas por dia na cidade. Muitas delas vingar\u00e3o e crescer\u00e3o, outras tantas n\u00e3o. \u00c9 assim. Por aqui, torcemos por todas.<\/p>\n<p>Quanto aos espa\u00e7os de cowork: \u00e9 dif\u00edcil contar todos. H\u00e1 os gigantes, os famosos, os conhecidos, os internacionais, os de bairro, os informais\u2026 acreditamos que o n\u00famero real de espa\u00e7os abertos com din\u00e2mica e caracter\u00edsticas de cowork seja mais pr\u00f3ximo das duas centenas do que da centena. Mas v\u00e1, pedimos ajuda aqui para conseguirmos mapear tudo na Made of Lisboa, onde nem todos se registaram ainda. Shame on them!<\/p>\n<p>Estrelas Michellin: todos os anos sai a nova lista, todos os anos h\u00e1 l\u00e1grimas, gritos e palmas. Lisboa era uma cidade de 5 estrelas &#8211; mas olhem, <a href=\"https:\/\/www.visitportugal.com\/pt-pt\/content\/estrelas-michelin-2019-em-portugal%E2%80%8B\">em 2019 temos 7 estrelas<\/a>. Mas bem sabemos que nem s\u00f3 nos restaurantes com estas estrelas se come bem.<\/p>\n<p>E depois h\u00e1 o por do sol, inclu\u00eddo e \u00e0 borla. Bom apetite.<\/p>\n<div class=\"medium-insert-embeds\">\n<figure>\n<div class=\"medium-insert-embed\">\n<div class=\"app-embed app-embed--youtube\"><iframe src=\"https:\/\/www.youtube.com\/embed\/Wu2HVdY4OiA?feature=oembed\" width=\"480\" height=\"270\" frameborder=\"0\" allowfullscreen=\"allowfullscreen\"><\/iframe><\/div>\n<\/div>\n<\/figure>\n<\/div>\n<p>&nbsp;<\/p>\n<p>&nbsp;<\/p>\n<p>&nbsp;<\/p>\n","protected":false},"excerpt":{"rendered":"<p>Quantas cidades conseguem falar de n\u00fameros de uma forma&#8230; bonita?<\/p>\n","protected":false},"author":3,"featured_media":7473,"comment_status":"closed","ping_status":"closed","sticky":false,"template":"","format":"standard","meta":{"_acf_changed":false,"om_disable_all_campaigns":false,"_monsterinsights_skip_tracking":false,"_monsterinsights_sitenote_active":false,"_monsterinsights_sitenote_note":"","_monsterinsights_sitenote_category":0,"footnotes":""},"categories":[509,533,508,513],"tags":[377,383],"class_list":["post-7472","post","type-post","status-publish","format-standard","has-post-thumbnail","hentry","category-ecossistema","category-ecosystem","category-eventos","category-events","tag-lisboa-pt","tag-web-summit-pt"],"acf":[],"aioseo_notices":[],"featured_media_url":"https:\/\/lisboainnovation.com\/wp-content\/uploads\/2023\/09\/2019-11-05-lisboa-the-beautiful-side-of-business-iGVaS1XFGNCsiUvv.jpg","_links":{"self":[{"href":"https:\/\/lisboainnovation.com\/pt\/wp-json\/wp\/v2\/posts\/7472","targetHints":{"allow":["GET"]}}],"collection":[{"href":"https:\/\/lisboainnovation.com\/pt\/wp-json\/wp\/v2\/posts"}],"about":[{"href":"https:\/\/lisboainnovation.com\/pt\/wp-json\/wp\/v2\/types\/post"}],"author":[{"embeddable":true,"href":"https:\/\/lisboainnovation.com\/pt\/wp-json\/wp\/v2\/users\/3"}],"replies":[{"embeddable":true,"href":"https:\/\/lisboainnovation.com\/pt\/wp-json\/wp\/v2\/comments?post=7472"}],"version-history":[{"count":2,"href":"https:\/\/lisboainnovation.com\/pt\/wp-json\/wp\/v2\/posts\/7472\/revisions"}],"predecessor-version":[{"id":9826,"href":"https:\/\/lisboainnovation.com\/pt\/wp-json\/wp\/v2\/posts\/7472\/revisions\/9826"}],"wp:featuredmedia":[{"embeddable":true,"href":"https:\/\/lisboainnovation.com\/pt\/wp-json\/wp\/v2\/media\/7473"}],"wp:attachment":[{"href":"https:\/\/lisboainnovation.com\/pt\/wp-json\/wp\/v2\/media?parent=7472"}],"wp:term":[{"taxonomy":"category","embeddable":true,"href":"https:\/\/lisboainnovation.com\/pt\/wp-json\/wp\/v2\/categories?post=7472"},{"taxonomy":"post_tag","embeddable":true,"href":"https:\/\/lisboainnovation.com\/pt\/wp-json\/wp\/v2\/tags?post=7472"}],"curies":[{"name":"wp","href":"https:\/\/api.w.org\/{rel}","templated":true}]}}