{"id":8123,"date":"2020-09-18T12:13:00","date_gmt":"2020-09-18T12:13:00","guid":{"rendered":"https:\/\/lisboainnovation.com\/blog\/uncategorized-pt\/2020-09-18-sessao-de-abertura-da-9-a-semana-do-empreendedorismo\/"},"modified":"2023-10-25T16:08:53","modified_gmt":"2023-10-25T16:08:53","slug":"2020-09-18-sessao-de-abertura-da-9-a-semana-do-empreendedorismo","status":"publish","type":"post","link":"https:\/\/lisboainnovation.com\/pt\/2020-09-18-sessao-de-abertura-da-9-a-semana-do-empreendedorismo\/","title":{"rendered":"Sess\u00e3o de Abertura da 9.\u00aa Semana do Empreendedorismo"},"content":{"rendered":"<p>A partir dos Pa\u00e7os do Concelho e com a presen\u00e7a do Secret\u00e1rio de Estado da Transi\u00e7\u00e3o Digital \u2013 Andr\u00e9 Arag\u00e3o Azevedo, do Vereador da Economia e Inova\u00e7\u00e3o \u2013 Miguel Gaspar, do CEO da WebSummit &#8211; Paddy Cosgrave, da Managing Director da Informa D&amp;B \u2013 Teresa Cardoso Menezes e da CEO da SIBS &#8211; Madalena Tom\u00e9, ser\u00e3o apresentados dados da atividade empresarial, do consumo e do impacto de pandemia em Lisboa e debatidas as perspetivas para o futuro.\u00a0<\/p>\n<p>A modera\u00e7\u00e3o fica a cargo da jornalista Mariana Barbosa do jornal Eco (e haver\u00e1 espa\u00e7o para quest\u00f5es do ecossistema empreendedor de Lisboa.<\/p>\n<p>Pode seguir o evento neste<a href=\"https:\/\/www.facebook.com\/madeoflisboa\/posts\/3175927932536107\"> link<\/a>\u00a0que tamb\u00e9m ser\u00e1 transmitido em direto no canal da CML <a href=\"https:\/\/www.lisboa.pt\/live\">Lisboa Live<\/a>.<\/p>\n<p>A 9\u00aa Semana do Empreendedorismo de Lisboa ter\u00e1 lugar entre os dias 21 e 27 de setembro 2020. Esta edi\u00e7\u00e3o est\u00e1 centrada na retoma da economia da cidade, procurando maximizar a sua efici\u00eancia mas sem perder o foco na sustentabilidade, lembrando que Lisboa \u00e9 em 2020 a Capital Verde Europeia. O objetivo principal \u00e9 conseguir tornar a cidade mais resiliente perante as adversidades, e definir uma estrat\u00e9gia para que a cidade possa: Retomar, Reequilibrar e Reinventar!<\/p>\n<p>Para consultar o programa completo por favor visite <a href=\"http:\/\/www.sel.madeoflisboa.com\/\">http:\/\/www.sel.madeoflisboa.com<\/a><\/p>\n<p><\/p>\n<p><u><\/u><\/p>\n<p><\/p>\n","protected":false},"excerpt":{"rendered":"<p>Assiste ao debate sobre a retoma econ\u00f3mica em Lisboa: como estamos e para onde vamos?<\/p>\n","protected":false},"author":3,"featured_media":7909,"comment_status":"closed","ping_status":"closed","sticky":false,"template":"","format":"standard","meta":{"_acf_changed":false,"om_disable_all_campaigns":false,"_monsterinsights_skip_tracking":false,"_monsterinsights_sitenote_active":false,"_monsterinsights_sitenote_note":"","_monsterinsights_sitenote_category":0,"footnotes":""},"categories":[509,508],"tags":[392],"class_list":["post-8123","post","type-post","status-publish","format-standard","has-post-thumbnail","hentry","category-ecossistema","category-eventos","tag-null-pt"],"acf":[],"aioseo_notices":[],"featured_media_url":"https:\/\/lisboainnovation.com\/wp-content\/uploads\/2023\/09\/2020-09-18-sessao-de-abertura-da-9-a-semana-do-empreendedorismo-MuDQqtfU9RZnlA2E.jpg","_links":{"self":[{"href":"https:\/\/lisboainnovation.com\/pt\/wp-json\/wp\/v2\/posts\/8123","targetHints":{"allow":["GET"]}}],"collection":[{"href":"https:\/\/lisboainnovation.com\/pt\/wp-json\/wp\/v2\/posts"}],"about":[{"href":"https:\/\/lisboainnovation.com\/pt\/wp-json\/wp\/v2\/types\/post"}],"author":[{"embeddable":true,"href":"https:\/\/lisboainnovation.com\/pt\/wp-json\/wp\/v2\/users\/3"}],"replies":[{"embeddable":true,"href":"https:\/\/lisboainnovation.com\/pt\/wp-json\/wp\/v2\/comments?post=8123"}],"version-history":[{"count":1,"href":"https:\/\/lisboainnovation.com\/pt\/wp-json\/wp\/v2\/posts\/8123\/revisions"}],"predecessor-version":[{"id":8626,"href":"https:\/\/lisboainnovation.com\/pt\/wp-json\/wp\/v2\/posts\/8123\/revisions\/8626"}],"wp:featuredmedia":[{"embeddable":true,"href":"https:\/\/lisboainnovation.com\/pt\/wp-json\/wp\/v2\/media\/7909"}],"wp:attachment":[{"href":"https:\/\/lisboainnovation.com\/pt\/wp-json\/wp\/v2\/media?parent=8123"}],"wp:term":[{"taxonomy":"category","embeddable":true,"href":"https:\/\/lisboainnovation.com\/pt\/wp-json\/wp\/v2\/categories?post=8123"},{"taxonomy":"post_tag","embeddable":true,"href":"https:\/\/lisboainnovation.com\/pt\/wp-json\/wp\/v2\/tags?post=8123"}],"curies":[{"name":"wp","href":"https:\/\/api.w.org\/{rel}","templated":true}]}}