{"id":8141,"date":"2020-03-27T13:46:00","date_gmt":"2020-03-27T13:46:00","guid":{"rendered":"https:\/\/lisboainnovation.com\/blog\/uncategorized-pt\/2020-03-27-autoridades-de-saude-medicos-e-hospitais-juntam-se-em-noites-contra-o-covid-19\/"},"modified":"2023-10-25T16:11:05","modified_gmt":"2023-10-25T16:11:05","slug":"2020-03-27-autoridades-de-saude-medicos-e-hospitais-juntam-se-em-noites-contra-o-covid-19","status":"publish","type":"post","link":"https:\/\/lisboainnovation.com\/pt\/2020-03-27-autoridades-de-saude-medicos-e-hospitais-juntam-se-em-noites-contra-o-covid-19\/","title":{"rendered":"Autoridades de sa\u00fade, m\u00e9dicos e hospitais juntam-se em \u201cNoites contra o COVID-19\u201d"},"content":{"rendered":"<div><b>\u201cNoites contra o COVID-19\u201d \u00e9 um ciclo de webinars que\u00a0<span>junta entidades p\u00fablicas e privadas para um debate cred\u00edvel e abrangente em torno da\u00a0<\/span><\/b><span><b>resposta \u00e0 pandemia do novo coronav\u00edrus.<\/b><\/span><\/div>\n<p><span><br \/><\/span><\/p>\n<p><span><b>A primeira sess\u00e3o decorre esta sexta-feira,\u00a0<\/b><\/span><span><b>dia 27 de mar\u00e7o, \u00e0s 21h30<\/b>, e \u00e9 dedicada ao tema <b>\u201cCuidadores de lares e cuidadores\u00a0<\/b><\/span><span><b>informais: tudo o que devem saber sobre a COVID-19\u201d<\/b>.\u00a0<\/span><span>Ricardo Mexia, presidente da Associa\u00e7\u00e3o Nacional de M\u00e9dicos de Sa\u00fade P\u00fablica, Rui\u00a0<\/span><span>Nogueira, presidente da Associa\u00e7\u00e3o Portuguesa de Medicina Geral e Familiar, Jo\u00e3o\u00a0<\/span><span>Ara\u00fajo Correia, presidente da Sociedade Portuguesa de Medicina Interna, e David\u00a0<\/span><span>Rodrigues, coordenador do Evidentia M\u00e9dica, s\u00e3o alguns dos oradores da primeira\u00a0<\/span><span>confer\u00eancia virtual que procura esclarecer todas as quest\u00f5es relacionadas com o plano\u00a0<\/span><span>de a\u00e7\u00e3o dos lares e cuidadores informais.<\/span><\/p>\n<p><span>O <b>ciclo de webinars <\/b>vai reunir as perspetivas de v\u00e1rios intervenientes do setor, com\u00a0<\/span><span>sess\u00f5es dedicadas \u00e0 comunidade cient\u00edfica e \u00e0 popula\u00e7\u00e3o em geral , abordando <b>temas\u00a0<\/b><\/span><b><span>t\u00e3o distintos como as novas descobertas sobre a doen\u00e7a, as diferen\u00e7as entre a COVID-19\u00a0<\/span><span>e a gripe, as t\u00e9cnicas de ventila\u00e7\u00e3o n\u00e3o-invasiva, o planeamento de recursos humanos\u00a0<\/span><span>na sa\u00fade, o papel da ind\u00fastria farmac\u00eautica ou dos estudantes de medicina em\u00a0<\/span><span>situa\u00e7\u00f5es de emerg\u00eancia ou a Sa\u00fade Mental em tempos de quarentena.<\/span><\/b><\/p>\n<div class=\"medium-insert-images\"><b><span><\/span><\/b><\/p>\n<figure>\n    <img decoding=\"async\" src=\"https:\/\/lisboainnovation.com\/wp-content\/uploads\/2023\/09\/5e7e08797ce07.png\" alt=\"\"><\/p>\n<\/figure>\n<\/div>\n<p><span>O projeto <a href=\"https:\/\/evidentiamedica.com\/\"><b>COVID19PTCi\u00eancia<\/b><\/a> junta a plataforma Evidentia M\u00e9dica Associa\u00e7\u00e3o Nacional de\u00a0<\/span><span>M\u00e9dicos de Sa\u00fade P\u00fablica (ANMSP), a Associa\u00e7\u00e3o Portuguesa de Medicina Geral e\u00a0<\/span><span>Familiar (APMGF) e a startup UpHill, com o intuito de analisar e selecionar criticamente a\u00a0<\/span><span>melhor evid\u00eancia cient\u00edfica sobre a COVID-19, de forma a proporcionar informa\u00e7\u00e3o\u00a0<\/span><span>v\u00e1lida e sistematizada aos profissionais no terreno.\u00a0<\/span><\/p>\n<p><span>Fundada por tr\u00eas m\u00e9dicos, a UpHill est\u00e1 no mercado desde 2016, <\/span><span>desenvolvendo software de an\u00e1lise da qualidade e treino avan\u00e7ado para hospitais.\u00a0<\/span><span>Atrav\u00e9s da utiliza\u00e7\u00e3o dos seus produtos, os profissionais de sa\u00fade aumentam o grau de\u00a0<\/span><span>adop\u00e7\u00e3o de boas pr\u00e1ticas internacionais. Isto permite \u00e0s unidades de sa\u00fade aumentarem a\u00a0<\/span><span>qualidade e seguran\u00e7a dos cuidados de sa\u00fade prestados.<\/span><\/p>\n<p><b>A participa\u00e7\u00e3o nos <a href=\"https:\/\/uphillhealth.com\/webinars\">webinars<\/a> \u00e9 aberta: <a href=\"https:\/\/uphillhealth.com\/webinars\">https:\/\/uphillhealth.com\/webinars<\/a><\/b><span><br \/><\/span><\/p>\n","protected":false},"excerpt":{"rendered":"<p>A primeira sess\u00e3o \u00e9 dedicada ao tema \u201cCuidadores de lares e cuidadores informais: tudo o que devem saber sobre a COVID-19\u201d.<\/p>\n","protected":false},"author":3,"featured_media":7873,"comment_status":"closed","ping_status":"closed","sticky":false,"template":"","format":"standard","meta":{"_acf_changed":false,"om_disable_all_campaigns":false,"_monsterinsights_skip_tracking":false,"_monsterinsights_sitenote_active":false,"_monsterinsights_sitenote_note":"","_monsterinsights_sitenote_category":0,"footnotes":""},"categories":[528],"tags":[392],"class_list":["post-8141","post","type-post","status-publish","format-standard","has-post-thumbnail","hentry","category-comunidade","tag-null-pt"],"acf":[],"aioseo_notices":[],"featured_media_url":"https:\/\/lisboainnovation.com\/wp-content\/uploads\/2023\/09\/2020-03-27-autoridades-de-saude-medicos-e-hospitais-juntam-se-em-noites-contra-o-covid-19-ZW1qe1mS8WDMV5JN.jpg","_links":{"self":[{"href":"https:\/\/lisboainnovation.com\/pt\/wp-json\/wp\/v2\/posts\/8141","targetHints":{"allow":["GET"]}}],"collection":[{"href":"https:\/\/lisboainnovation.com\/pt\/wp-json\/wp\/v2\/posts"}],"about":[{"href":"https:\/\/lisboainnovation.com\/pt\/wp-json\/wp\/v2\/types\/post"}],"author":[{"embeddable":true,"href":"https:\/\/lisboainnovation.com\/pt\/wp-json\/wp\/v2\/users\/3"}],"replies":[{"embeddable":true,"href":"https:\/\/lisboainnovation.com\/pt\/wp-json\/wp\/v2\/comments?post=8141"}],"version-history":[{"count":4,"href":"https:\/\/lisboainnovation.com\/pt\/wp-json\/wp\/v2\/posts\/8141\/revisions"}],"predecessor-version":[{"id":8849,"href":"https:\/\/lisboainnovation.com\/pt\/wp-json\/wp\/v2\/posts\/8141\/revisions\/8849"}],"wp:featuredmedia":[{"embeddable":true,"href":"https:\/\/lisboainnovation.com\/pt\/wp-json\/wp\/v2\/media\/7873"}],"wp:attachment":[{"href":"https:\/\/lisboainnovation.com\/pt\/wp-json\/wp\/v2\/media?parent=8141"}],"wp:term":[{"taxonomy":"category","embeddable":true,"href":"https:\/\/lisboainnovation.com\/pt\/wp-json\/wp\/v2\/categories?post=8141"},{"taxonomy":"post_tag","embeddable":true,"href":"https:\/\/lisboainnovation.com\/pt\/wp-json\/wp\/v2\/tags?post=8141"}],"curies":[{"name":"wp","href":"https:\/\/api.w.org\/{rel}","templated":true}]}}