{"id":8179,"date":"2019-09-12T10:55:00","date_gmt":"2019-09-12T10:55:00","guid":{"rendered":"https:\/\/lisboainnovation.com\/blog\/uncategorized-pt\/2019-09-12-lisboa-2020-oportunidades-de-financiamento-ao-empreendedorismo\/"},"modified":"2023-09-27T14:35:06","modified_gmt":"2023-09-27T14:35:06","slug":"2019-09-12-lisboa-2020-oportunidades-de-financiamento-ao-empreendedorismo","status":"publish","type":"post","link":"https:\/\/lisboainnovation.com\/pt\/2019-09-12-lisboa-2020-oportunidades-de-financiamento-ao-empreendedorismo\/","title":{"rendered":"Lisboa 2020: Oportunidades de financiamento ao empreendedorismo"},"content":{"rendered":"<p>O workshop <i><b>O Financiamento do Lisboa 2020 ao empreendedorismo: Oportunidades e perspetivas de futuro<\/b><\/i> vai decorrer no pr\u00f3ximo dia 4 de outubro de manh\u00e3 no CIUL &#8211; Centro de Informa\u00e7\u00e3o Urbana de Lisboa, em Picoas*.<\/p>\n<p>Este workshop destina-se a quem queira conhecer melhor as condi\u00e7\u00f5es e m\u00e9todos de acesso ao financiamento que o Lisboa 2020 disponibiliza para a \u00e1rea do empreendedorismo.<\/p>\n<p>E porque sabemos que tens sempre coisas a dizer e sugest\u00f5es a dar, queremos ouvir-te  &#8211; vamos juntar as tuas sugest\u00f5es \u00e0s nossas e tentar melhorar os pr\u00f3ximos programas.   <\/p>\n<p>Se queres saber como e quando te podes candidatar; se j\u00e1 tens uma ideia do projeto mas ainda est\u00e1 com d\u00favidas concretas, se queres ver o PT2030 mais direcionado para o empreendedorismo, aparece no dia 4 de outubro durante a manh\u00e3 no CIUL, no Picoas Plaza!\u00a0<\/p>\n<h2>Programa<\/h2>\n<p><b>09h30<\/b> \u2013 Coordena\u00e7\u00e3o do projeto SPEED UP com Margarida Figueiredo, Diretora Municipal da Economia e Inova\u00e7\u00e3o<\/p>\n<p><b>09h45<\/b>\u2013 Lisboa 2020 e o financiamento ao Empreendedorismo com Fernando Nogueira, Autoridade de Gest\u00e3o do Lisboa 2020 (CCDR \u2013 LVT)<\/p>\n<p><b>11h00<\/b> \u2013 Perguntas e Respostas<\/p>\n<p><b>11h30<\/b> \u2013 Coffee-break<\/p>\n<p><b>11h45<\/b> \u2013 Vamos melhorar o futuro? <br \/> Sess\u00e3o participativa com a modera\u00e7\u00e3o de In\u00eas Santos Silva (projeto SPEED UP) e Alexandra Almeida (CCDR-LVT)<\/p>\n<p><\/p>\n<p>A participa\u00e7\u00e3o \u00e9 gratuita mas com inscri\u00e7\u00e3o obrigat\u00f3ria: envia-nos um e-mail com o assunto \u201cparticipa\u00e7\u00e3o no workshop Lisboa 2020\u201d para weare@madeoflisboa.com para podermos contar contigo.<\/p>\n<p><span><b>Algumas respostas \u00e0s tuas quest\u00f5es pr\u00e9vias<\/b><\/span><\/p>\n<p><b>Porqu\u00ea este workshop?<\/b>\u00a0 <span>A CML participa em v\u00e1rios projetos europeus, como o SPEED-UP, e juntamente com algumas das institui\u00e7\u00f5es parceiras temos sentido que as oportunidades de financiamento europeu, nomeadamente ao empreendedorismo, nem sempre chegam a todas as pessoas potencialmente interessadas.<\/span><\/p>\n<p><b>O que pretende o SPEED-UP?\u00a0\u00a0<\/b><span>Desencadear a mudan\u00e7a de pol\u00edticas regionais, melhorando a implementa\u00e7\u00e3o dos instrumentos de pol\u00edtica ao abrigo dos programas dos Fundos Europeus Estruturais e de Investimento (FEEI) dedicados ao empreendedorismo, e em especial na incuba\u00e7\u00e3o de empresas.<\/span><\/p>\n<p><b>Como contribuir para a mudan\u00e7a de pol\u00edticas regionais?\u00a0<\/b><span>Atrav\u00e9s da implementa\u00e7\u00e3o de Planos de A\u00e7\u00e3o que pretendem contribuir para a capacita\u00e7\u00e3o e para a aprendizagem politica a n\u00edvel regional, influenciando assim a natureza e o objetivo dessa mudan\u00e7a politica.<\/span><\/p>\n<p><b>Qual o instrumento de pol\u00edtica cuja implementa\u00e7\u00e3o que o SPEED-UP visa melhorar?\u00a0<\/b><span>O instrumento de pol\u00edtica abordado pelo projeto \u00e9 o Programa Operacional Regional Lisboa 2014-2020, que disponibiliza financiamento para apoiar a cria\u00e7\u00e3o de novas empresas atrav\u00e9s de incubadoras de empresas.<\/span><\/p>\n<p><b>Como posso contribuir para a mudan\u00e7a?\u00a0<\/b><span>Atrav\u00e9s da tua opini\u00e3o sobre o Lisboa 2020, partilhando a tua experi\u00eancia e dando sugest\u00f5es sobre como melhorar os instrumentos de pol\u00edtica dedicados ao empreendedorismo para o PT2030.<\/span><\/p>\n<p><b>Tudo isto me interessa mas como posso saber com anteced\u00eancia os financiamentos abertos e quais as \u00e1reas?\u00a0<\/b><span>Ah! Finalmente A pergunta. Se queres esclarecer as d\u00favidas no dia 4 de outubro, precisas de fazer algum trabalho de casa antes. Mas n\u00f3s ajudamos-te:<\/span><\/p>\n<p><b>AVISOS DE ABERTURA:\u00a0<\/b><b>SISTEMA DE INCENTIVOS \u00c0 INVESTIGA\u00c7\u00c3O E DESENVOLVIMENTO &#8211;<\/b><\/p>\n<p><a href=\"https:\/\/www.compete2020.gov.pt\/admin\/images\/AAC_01_SAICT_2019_Propriedade_Inteletual.pdf\">AVISO N.\u00ba 01\/SAICT\/2019<\/a> : Prote\u00e7\u00e3o de Dtos. De Propriedade Intelectual \/ Projetos Individuais<\/p>\n<p>Benefici\u00e1rias: Entidades n\u00e3o empresariais do Sistema de I&amp;I (investiga\u00e7\u00e3o industrial ou desenvolvimento experimental).<\/p>\n<p>Data de encerramento: <b>31-12- 2019<\/b><\/p>\n<p><b><br \/><\/b><\/p>\n<p><a href=\"https:\/\/www.compete2020.gov.pt\/admin\/images\/AAC_02_SAICT_2019_Internacionaliza%C3%A7%C3%A3o.pdf\">AVISO N\u00ba 02\/SAICT\/2019<\/a>: Internacionaliza\u00e7\u00e3o de I&amp;D \u2013 Projetos Individuais <u><\/u><\/p>\n<p>Benefici\u00e1rias: Entidades n\u00e3o empres\u00e1rias do Sistema de I&amp;I (investiga\u00e7\u00e3o industrial ou desenvolvimento experimental).<\/p>\n<p>Data de encerramento: <b>31-12- 2019<\/b><\/p>\n<p><b><br \/><\/b><\/p>\n<p><a href=\"https:\/\/www.compete2020.gov.pt\/admin\/images\/AAC_01SIAC2019-Internacionaliza%C3%A7%C3%A3o.pdf\">AVISO N\u00ba 01\/SIAC\/2019<\/a>: Sistema de Apoio a A\u00e7\u00f5es Coletivas \u2013 Internacionaliza\u00e7\u00e3o\u00a0<\/p>\n<p>Benefici\u00e1rias: Entidades n\u00e3o empres\u00e1rias do Sistema de I&amp;I; Entidades s\/ fins lucrativos; Associa\u00e7\u00f5es empresarias.<b><\/b><\/p>\n<p>Data de encerramento: <b>31-01- 2020<\/b><\/p>\n<p><b><br \/><\/b><\/p>\n<p><a href=\"https:\/\/www.compete2020.gov.pt\/admin\/images\/AAC_01SIAC2019-Internacionaliza%C3%A7%C3%A3o.pdf\">AVISO N\u00ba 02\/SIAC\/2019<\/a>: Sistema de Apoio a A\u00e7\u00f5es Coletivas \u2013 Qualifica\u00e7\u00e3o \u2013 Projetos Individuais e co promo\u00e7\u00e3o.<b><\/b><\/p>\n<p>Benefici\u00e1rias: Entidades n\u00e3o empres\u00e1rias do Sistema de I&amp;I; Entidades s\/ fins lucrativos; Associa\u00e7\u00f5es empresarias.<b><\/b><\/p>\n<p>Data de encerramento: <b>31-01- 2020<\/b><\/p>\n<p><b><br \/><\/b><\/p>\n<p><a href=\"https:\/\/www.compete2020.gov.pt\/admin\/images\/AAC_02_SI_2019_Internacionaliza%C3%A7%C3%A3o_IDT.pdf\">AVISO N\u00ba 02\/SI\/2019<\/a>: Internacionaliza\u00e7\u00e3o e I&amp;D \u2013 Projetos Individuais.<b><\/b><\/p>\n<p>Benefici\u00e1rias: Todas as empresas.<b><\/b><\/p>\n<p>Data de encerramento: <b>31-12- 2019<\/b><\/p>\n<p><b><br \/><\/b><\/p>\n<p><a href=\"https:\/\/www.compete2020.gov.pt\/admin\/images\/AAC_03_SI_2019_Propriedade_Inteletual_e_Industrial.pdf\">AVISO N\u00ba 03\/SI\/2019<\/a>: Prote\u00e7\u00e3o de Dtos. De Propriedade Intelectual e Industrial \/ Projetos Individuais<\/p>\n<p>Benefici\u00e1rias: Todas as empresas.<b><\/b><\/p>\n<p>Data de encerramento: <b>31-12- 2019<\/b><\/p>\n<p><b><br \/><\/b><\/p>\n<p><a href=\"https:\/\/www.compete2020.gov.pt\/admin\/images\/AAC_05_SI_2019_SME_Instrument.pdf\">AVISO N\u00ba 05\/SI\/2019<\/a>: Projetos Demonstradores Individuais \/ Selos de Excel\u00eancia <\/p>\n<p>Benefici\u00e1rias: Todas as empresas.<b><\/b><\/p>\n<p>Data de encerramento: <b>31-01- 2020<\/b><\/p>\n<p><b><br \/><\/b><\/p>\n<p><a href=\"https:\/\/www.compete2020.gov.pt\/admin\/images\/20190409_AAC06_2019_Qualifica%C3%A7%C3%A3oPME.pdf\">AVISO N\u00ba 06\/SI\/2019<\/a>: Qualifica\u00e7\u00e3o das PME<\/p>\n<p>Benefici\u00e1rias: Todas as PME.<b><\/b><\/p>\n<p>Data de encerramento: <b>31-12- 2020<\/b><\/p>\n<p><b><br \/><\/b><\/p>\n<p><a href=\"https:\/\/www.compete2020.gov.pt\/admin\/images\/20190712_AAC_16_SI_2019_IDT_EurekaEurostars.pdf\">AVISO N\u00ba 16\/SI\/2019<\/a>: Projetos de I&amp;D Industrial \u00e0 Escala Europeia<\/p>\n<p>Benefici\u00e1rias: Todas as empresas e entidades n\u00e3o empres\u00e1rias do Sistema de I&amp;I.<b><\/b><\/p>\n<p>Data de encerramento: <b>31-12- 2020<\/b><\/p>\n<p><b><br \/><\/b><\/p>\n<p><a href=\"https:\/\/www.compete2020.gov.pt\/admin\/images\/20190715_AAC_17_SI_2019_AAC_17_SI_2019_CoProm.pdf\">AVISO N\u00ba 20\/SI\/2019<\/a>: I&amp;D Empresarial \/ Projetos em co-promo\u00e7\u00e3o<\/p>\n<p>Benefici\u00e1rias: Todas as empresas e entidades n\u00e3o empres\u00e1rias do Sistema de I&amp;I.<b><\/b><\/p>\n<p>Data de encerramento: <b>15-11- 2020<\/b><\/p>\n<p><b><br \/><\/b><\/p>\n<p><a href=\"https:\/\/www.compete2020.gov.pt\/admin\/images\/Aviso_20_SI2018_Vale_Economia_Circular_V_Publica%C3%A7%C3%A3o.pdf\">AVISO N\u00ba 20\/SI\/2018<\/a>: Qualifica\u00e7\u00e3o das PME \/ Vale Economia Circular<\/p>\n<p>Benefici\u00e1rias: Todas as PME.<b><\/b><\/p>\n<p>Data de encerramento: <b>At\u00e9 ser atingido o limite m\u00e1ximo de candidaturas<\/b><\/p>\n<p><b><br \/><\/b><\/p>\n<p><a href=\"https:\/\/www.compete2020.gov.pt\/admin\/images\/Aviso_21_SI2018_Vale_Com%C3%A9rcio.pdf\">AVISO N\u00ba 21\/SI\/2018<\/a>: Qualifica\u00e7\u00e3o das PME \/ Vale Com\u00e9rcio<\/p>\n<p>Benefici\u00e1rias: Todas as PME.<b><\/b><\/p>\n<p>Data de encerramento: <b>At\u00e9 ser atingido o limite m\u00e1ximo de candidaturas<\/b><\/p>\n<p><b><br \/><\/b><\/p>\n<p><a href=\"https:\/\/www.compete2020.gov.pt\/admin\/images\/20180807_AvisoVale_Incubacao2018.pdf\">AVISO N\u00ba 23\/SI\/2018<\/a>: Startup Portugal \/ Empreendedorismo Qualificado e Criativo \/ Vale Incuba\u00e7\u00e3o<\/p>\n<p>Benefici\u00e1rias: Todas as PME.<b><\/b><\/p>\n<p>Data de encerramento: <b>At\u00e9 ser atingido o limite m\u00e1ximo de candidaturas<\/b><\/p>\n<p><b><br \/><\/b><\/p>\n<p><a href=\"https:\/\/www.compete2020.gov.pt\/admin\/images\/20180813_Aviso_24_2018_ValeOportunidadesInvestiga%C3%A7%C3%A3o.pdf\">AVISO N\u00ba 24\/SI\/2018<\/a>: Vale Oportunidades de Investiga\u00e7\u00e3o<\/p>\n<p>Benefici\u00e1rias: Todas as PME.<b><\/b><\/p>\n<p>Data de encerramento: <b>At\u00e9 ser atingido o limite m\u00e1ximo de candidaturas<\/b><\/p>\n<p><b><br \/><\/b><\/p>\n<p><a href=\"https:\/\/www.compete2020.gov.pt\/admin\/images\/20180809_Aviso_25_SI__2018_Vale_Internacionalizacao.pdf\">AVISO N\u00ba 25\/SI\/2018<\/a>: Internacionaliza\u00e7\u00e3o das PME \/ Vale Oportunidades de Internacionaliza\u00e7\u00e3o<\/p>\n<p>Benefici\u00e1rias: Todas as PME.<b><\/b><\/p>\n<p>Data de encerramento: <b>At\u00e9 ser atingido o limite m\u00e1ximo de candidaturas<\/b><\/p>\n<p><b><br \/><\/b><\/p>\n<p><a href=\"https:\/\/www.compete2020.gov.pt\/admin\/images\/20181004_Aviso_29_SI2018_Vale_Industria.pdf\">AVISO N\u00ba 29\/SI\/2018<\/a>: Qualifica\u00e7\u00e3o das PME \/ Vale Ind\u00fastria 4.0<\/p>\n<p>Benefici\u00e1rias: Todas as PME.<b><\/b><\/p>\n<p>Data de encerramento: <b>At\u00e9 ser atingido o limite m\u00e1ximo de candidaturas<\/b><\/p>\n<p><b><br \/><\/b><\/p>\n<p><a href=\"https:\/\/www.compete2020.gov.pt\/admin\/images\/20190328_AAC_06_SI_2017_Rep.pdf\">AVISO N\u00ba 06\/SI\/2017<\/a>: Inova\u00e7\u00e3o Produtiva<\/p>\n<p>Benefici\u00e1rias: Todas as empresas.<b><\/b><\/p>\n<p>Data de encerramento: <b>31-12-2020<\/b><\/p>\n<p><b><br \/><\/b><\/p>\n<p><a href=\"https:\/\/www.compete2020.gov.pt\/admin\/images\/20170703_Aviso__18_Formacao.pdf\">AVISO N\u00ba 18\/SI\/2017<\/a>: Projetos de Forma\u00e7\u00e3o em Processos de Inova\u00e7\u00e3o<\/p>\n<p>Benefici\u00e1rias: Todas as empresas.<b><\/b><\/p>\n<p>Data de encerramento: <b>31-12-2019<\/b><\/p>\n<p><b><br \/><\/b><\/p>\n<p><a href=\"https:\/\/www.compete2020.gov.pt\/admin\/images\/20170703_Aviso__18_Formacao.pdf\">AVISO N\u00ba 22\/SI\/2017<\/a>: Projetos Aut\u00f3nomos de Forma\u00e7\u00e3o <\/p>\n<p>Benefici\u00e1rias: Todas as empresas.<b><\/b><\/p>\n<p>Data de encerramento: <b>31-12-2019<\/b><\/p>\n<p><b><br \/><\/b><\/p>\n<p><a href=\"https:\/\/www.compete2020.gov.pt\/admin\/images\/20180702_Rep_AAC_25_2016_Individual_RCI.pdf\">AVISO N\u00ba 25\/SI\/2016<\/a>: Projetos I&amp;D Individuais<\/p>\n<p>Benefici\u00e1rias: Todas as empresas.<b><\/b><\/p>\n<p>Data de encerramento: <b>Cont\u00ednuo- Regime Contratual<\/b><\/p>\n<p><b><br \/><\/b><\/p>\n<p><a href=\"https:\/\/www.compete2020.gov.pt\/admin\/images\/20180702_Rep_AAC_26_2016_CoPromocao_RCI.pdf\">AVISO N\u00ba 26\/SI\/2016<\/a>: Projetos I&amp;D em Co-promo\u00e7\u00e3o<\/p>\n<p>Benefici\u00e1rias:\u00a0Todas as empresas.<b><\/b><\/p>\n<\/p>\n<p>Data de encerramento: <b>Cont\u00ednuo- Regime Contratual<\/b><\/p>\n<p><b><br \/><\/b><\/p>\n<p><b><br \/><\/b><\/p>\n<p>* O CIUL fica no Picoas Plaza N\u00facleo 6-E 1\u00ba Rua Viriato 13, 1050-233 Lisboa<b><br \/><\/b><\/p>\n<div>\n<div>\n<div class=\"msocomtxt\">  <\/div>\n<\/p><\/div>\n<\/p><\/div>\n","protected":false},"excerpt":{"rendered":"<p>Sabias que h\u00e1 v\u00e1rias oportunidadades de financiamento do teu projeto de empreendedorismo no Lisboa 2020? E que te vamos poder ajudar a perceber como l\u00e1 chegar?<\/p>\n","protected":false},"author":3,"featured_media":7817,"comment_status":"closed","ping_status":"closed","sticky":false,"template":"","format":"standard","meta":{"_acf_changed":false,"om_disable_all_campaigns":false,"_monsterinsights_skip_tracking":false,"_monsterinsights_sitenote_active":false,"_monsterinsights_sitenote_note":"","_monsterinsights_sitenote_category":0,"footnotes":""},"categories":[],"tags":[],"class_list":["post-8179","post","type-post","status-publish","format-standard","has-post-thumbnail","hentry"],"acf":[],"aioseo_notices":[],"featured_media_url":"https:\/\/lisboainnovation.com\/wp-content\/uploads\/2023\/09\/2019-09-12-lisboa-2020-oportunidades-de-financiamento-ao-empreendedorismo-238GY9834799peOh.jpg","_links":{"self":[{"href":"https:\/\/lisboainnovation.com\/pt\/wp-json\/wp\/v2\/posts\/8179","targetHints":{"allow":["GET"]}}],"collection":[{"href":"https:\/\/lisboainnovation.com\/pt\/wp-json\/wp\/v2\/posts"}],"about":[{"href":"https:\/\/lisboainnovation.com\/pt\/wp-json\/wp\/v2\/types\/post"}],"author":[{"embeddable":true,"href":"https:\/\/lisboainnovation.com\/pt\/wp-json\/wp\/v2\/users\/3"}],"replies":[{"embeddable":true,"href":"https:\/\/lisboainnovation.com\/pt\/wp-json\/wp\/v2\/comments?post=8179"}],"version-history":[{"count":1,"href":"https:\/\/lisboainnovation.com\/pt\/wp-json\/wp\/v2\/posts\/8179\/revisions"}],"predecessor-version":[{"id":8517,"href":"https:\/\/lisboainnovation.com\/pt\/wp-json\/wp\/v2\/posts\/8179\/revisions\/8517"}],"wp:featuredmedia":[{"embeddable":true,"href":"https:\/\/lisboainnovation.com\/pt\/wp-json\/wp\/v2\/media\/7817"}],"wp:attachment":[{"href":"https:\/\/lisboainnovation.com\/pt\/wp-json\/wp\/v2\/media?parent=8179"}],"wp:term":[{"taxonomy":"category","embeddable":true,"href":"https:\/\/lisboainnovation.com\/pt\/wp-json\/wp\/v2\/categories?post=8179"},{"taxonomy":"post_tag","embeddable":true,"href":"https:\/\/lisboainnovation.com\/pt\/wp-json\/wp\/v2\/tags?post=8179"}],"curies":[{"name":"wp","href":"https:\/\/api.w.org\/{rel}","templated":true}]}}