{"id":8219,"date":"2018-05-08T11:05:00","date_gmt":"2018-05-08T11:05:00","guid":{"rendered":"https:\/\/lisboainnovation.com\/blog\/uncategorized-pt\/2018-05-08-7a-semana-do-empreendedorismo-de-lisboa\/"},"modified":"2023-10-25T16:13:13","modified_gmt":"2023-10-25T16:13:13","slug":"2018-05-08-7a-semana-do-empreendedorismo-de-lisboa","status":"publish","type":"post","link":"https:\/\/lisboainnovation.com\/pt\/2018-05-08-7a-semana-do-empreendedorismo-de-lisboa\/","title":{"rendered":"7\u00aa Semana do Empreendedorismo de Lisboa"},"content":{"rendered":"<p>De 14 a 18 de Maio decorre mais uma Semana do Empreendedorismo de Lisboa, este ano na sua 7.\u00aa edi\u00e7\u00e3o. A Semana do Empreendedorismo envolve diversas entidades e iniciativas interligadas, promovendo a economia da cidade e posicionando-a a uma escala internacional. A sinergia criada entre uma enorme diversidade de eventos, parceiros e p\u00fablico \u00e9 uma demonstra\u00e7\u00e3o da energia e vitalidade de uma das cidades mais competitivas, inovadoras e criativas atualmente a n\u00edvel europeu.<\/p>\n<p>O programa dos eventos j\u00e1 se encontra dispon\u00edvel na <a href=\"http:\/\/www.sel.madeoflisboa.com\/\"><b>p\u00e1gina oficial da\u00a0Semana do Empreendedorismo<\/b><\/a> e pode ser <a href=\"https:\/\/app.box.com\/s\/t92318twttxyvg3nxvwf75ptnbthyray\"><b>descarregado aqui<\/b><\/a>.<\/p>\n","protected":false},"excerpt":{"rendered":"<p>J\u00e1 est\u00e1 dispon\u00edvel o programa da 7\u00aa Semana do Empreendedorismo de Lisboa.<\/p>\n","protected":false},"author":3,"featured_media":7739,"comment_status":"closed","ping_status":"closed","sticky":false,"template":"","format":"standard","meta":{"_acf_changed":false,"om_disable_all_campaigns":false,"_monsterinsights_skip_tracking":false,"_monsterinsights_sitenote_active":false,"_monsterinsights_sitenote_note":"","_monsterinsights_sitenote_category":0,"footnotes":""},"categories":[508],"tags":[],"class_list":["post-8219","post","type-post","status-publish","format-standard","has-post-thumbnail","hentry","category-eventos"],"acf":[],"aioseo_notices":[],"featured_media_url":"https:\/\/lisboainnovation.com\/wp-content\/uploads\/2023\/09\/2018-05-08-7a-semana-do-empreendedorismo-de-lisboa-YirFoPBwYAzdBmnq.jpg","_links":{"self":[{"href":"https:\/\/lisboainnovation.com\/pt\/wp-json\/wp\/v2\/posts\/8219","targetHints":{"allow":["GET"]}}],"collection":[{"href":"https:\/\/lisboainnovation.com\/pt\/wp-json\/wp\/v2\/posts"}],"about":[{"href":"https:\/\/lisboainnovation.com\/pt\/wp-json\/wp\/v2\/types\/post"}],"author":[{"embeddable":true,"href":"https:\/\/lisboainnovation.com\/pt\/wp-json\/wp\/v2\/users\/3"}],"replies":[{"embeddable":true,"href":"https:\/\/lisboainnovation.com\/pt\/wp-json\/wp\/v2\/comments?post=8219"}],"version-history":[{"count":1,"href":"https:\/\/lisboainnovation.com\/pt\/wp-json\/wp\/v2\/posts\/8219\/revisions"}],"predecessor-version":[{"id":8400,"href":"https:\/\/lisboainnovation.com\/pt\/wp-json\/wp\/v2\/posts\/8219\/revisions\/8400"}],"wp:featuredmedia":[{"embeddable":true,"href":"https:\/\/lisboainnovation.com\/pt\/wp-json\/wp\/v2\/media\/7739"}],"wp:attachment":[{"href":"https:\/\/lisboainnovation.com\/pt\/wp-json\/wp\/v2\/media?parent=8219"}],"wp:term":[{"taxonomy":"category","embeddable":true,"href":"https:\/\/lisboainnovation.com\/pt\/wp-json\/wp\/v2\/categories?post=8219"},{"taxonomy":"post_tag","embeddable":true,"href":"https:\/\/lisboainnovation.com\/pt\/wp-json\/wp\/v2\/tags?post=8219"}],"curies":[{"name":"wp","href":"https:\/\/api.w.org\/{rel}","templated":true}]}}