{"id":8225,"date":"2018-03-05T11:02:00","date_gmt":"2018-03-05T11:02:00","guid":{"rendered":"https:\/\/lisboainnovation.com\/blog\/uncategorized-pt\/2018-03-05-concurso-elevator-pitch-ideiasquemarcam\/"},"modified":"2023-09-27T14:34:35","modified_gmt":"2023-09-27T14:34:35","slug":"2018-03-05-concurso-elevator-pitch-ideiasquemarcam","status":"publish","type":"post","link":"https:\/\/lisboainnovation.com\/pt\/2018-03-05-concurso-elevator-pitch-ideiasquemarcam\/","title":{"rendered":"Concurso \u00abElevator Pitch \u2013 IdeiasQueMarcam\u00bb"},"content":{"rendered":"<p>O concurso <b>\u00abElevator Pitch \u2013 IdeiasQueMarcam\u00bb<\/b> foi lan\u00e7ado pela Representa\u00e7\u00e3o da Comiss\u00e3o Europeia em Portugal no dia 27 de fevereiro e<span>\u00a0tem como objetivo premiar projetos e ideias inovadoras com a oferta de forma\u00e7\u00e3o e de um valor monet\u00e1rio que apoia o arranque desses projetos.<\/span><\/p>\n<p>Este ano o \u00abElevator Pitch \u2013 IdeiasQueMarcam\u00bb tem um modelo diferente das edi\u00e7\u00f5es anteriores, dado que a Comiss\u00e3o Europeia vai atribuir dois pr\u00e9mios:<\/p>\n<p>* o <b>Pr\u00e9mio \u00abElevator Pitch \u2013 IdeiasQueMarcam\u00bb<\/b>, no valor de <b>6 000 \u20ac<\/b>. Ser\u00e3o contemplados projetos de base tecnol\u00f3gica e digital em \u00e1reas como a ind\u00fastria 4.0 e e\u2011commerce, ciberseguran\u00e7a e economia de dados europeia, cidades inteligentes e tecnologias de rede, sa\u00fade e bem-estar, agricultura inteligente e economia circular, media e cultura digital, sociedade digital e sustentabilidade e a intelig\u00eancia artificial;<\/p>\n<p>* o <b>Pr\u00e9mio especial \u00abDemocracia Digital\u00bb<\/b>, no valor de <b>4 000 \u20ac<\/b>, que visa destacar projetos de base tecnol\u00f3gica e digital que promovam a capacita\u00e7\u00e3o c\u00edvica e a participa\u00e7\u00e3o ativa dos cidad\u00e3os na vida democr\u00e1tica.<\/p>\n<p><b>As candidaturas abriram a 27 de fevereiro e encerram a 25 de mar\u00e7o<\/b>.<\/p>\n<p>Para mais informa\u00e7\u00f5es, consulta\u00a0<span><b><a href=\"http:\/\/www.elevatorpitch.bolsadoempreendedorismo.pt\">www.elevatorpitch.bolsadoempreendedorismo.pt<\/a><\/b><\/span><\/p>\n","protected":false},"excerpt":{"rendered":"<p>A Representa\u00e7\u00e3o da Comiss\u00e3o Europeia em Portugal lan\u00e7a a quinta edi\u00e7\u00e3o do concurso de empreendedorismo \u201cElevator Pitch \u2013 IdeiasQueMarcam\u201d.<\/p>\n","protected":false},"author":3,"featured_media":7729,"comment_status":"closed","ping_status":"closed","sticky":false,"template":"","format":"standard","meta":{"_acf_changed":false,"om_disable_all_campaigns":false,"_monsterinsights_skip_tracking":false,"_monsterinsights_sitenote_active":false,"_monsterinsights_sitenote_note":"","_monsterinsights_sitenote_category":0,"footnotes":""},"categories":[],"tags":[],"class_list":["post-8225","post","type-post","status-publish","format-standard","has-post-thumbnail","hentry"],"acf":[],"aioseo_notices":[],"featured_media_url":"https:\/\/lisboainnovation.com\/wp-content\/uploads\/2023\/09\/2018-03-05-concurso-elevator-pitch-ideiasquemarcam-Q1rvh7APefrRdYzU.jpg","_links":{"self":[{"href":"https:\/\/lisboainnovation.com\/pt\/wp-json\/wp\/v2\/posts\/8225","targetHints":{"allow":["GET"]}}],"collection":[{"href":"https:\/\/lisboainnovation.com\/pt\/wp-json\/wp\/v2\/posts"}],"about":[{"href":"https:\/\/lisboainnovation.com\/pt\/wp-json\/wp\/v2\/types\/post"}],"author":[{"embeddable":true,"href":"https:\/\/lisboainnovation.com\/pt\/wp-json\/wp\/v2\/users\/3"}],"replies":[{"embeddable":true,"href":"https:\/\/lisboainnovation.com\/pt\/wp-json\/wp\/v2\/comments?post=8225"}],"version-history":[{"count":1,"href":"https:\/\/lisboainnovation.com\/pt\/wp-json\/wp\/v2\/posts\/8225\/revisions"}],"predecessor-version":[{"id":8386,"href":"https:\/\/lisboainnovation.com\/pt\/wp-json\/wp\/v2\/posts\/8225\/revisions\/8386"}],"wp:featuredmedia":[{"embeddable":true,"href":"https:\/\/lisboainnovation.com\/pt\/wp-json\/wp\/v2\/media\/7729"}],"wp:attachment":[{"href":"https:\/\/lisboainnovation.com\/pt\/wp-json\/wp\/v2\/media?parent=8225"}],"wp:term":[{"taxonomy":"category","embeddable":true,"href":"https:\/\/lisboainnovation.com\/pt\/wp-json\/wp\/v2\/categories?post=8225"},{"taxonomy":"post_tag","embeddable":true,"href":"https:\/\/lisboainnovation.com\/pt\/wp-json\/wp\/v2\/tags?post=8225"}],"curies":[{"name":"wp","href":"https:\/\/api.w.org\/{rel}","templated":true}]}}